{"id":14524,"date":"2021-07-06T16:31:30","date_gmt":"2021-07-06T14:31:30","guid":{"rendered":"http:\/\/terredaventures.fr\/?p=14524"},"modified":"2022-01-18T15:31:04","modified_gmt":"2022-01-18T14:31:04","slug":"le-grand-defile-des-feux-follets-le-film","status":"publish","type":"post","link":"http:\/\/terredaventures.fr\/?p=14524","title":{"rendered":"Le grand d\u00e9fil\u00e9 des Feux Follets : le film"},"content":{"rendered":"\n<p class=\"wp-block-paragraph\">Ce petit film a \u00e9t\u00e9 r\u00e9alis\u00e9 dans le cadre de  notre projet <strong>Photo-Blog-Radio<\/strong>.<\/p>\n\n\n\n<p class=\"wp-block-paragraph\">Tout au long du mois,  un de nos objectifs \u00e9tait de r\u00e9aliser une vid\u00e9o reprenant une partie des activit\u00e9s de nos  6-7-8 ans \u00e0  partir des photos prises notamment le jour du d\u00e9fil\u00e9.<\/p>\n\n\n\n<figure class=\"wp-block-video\"><video height=\"1080\" style=\"aspect-ratio: 1920 \/ 1080;\" width=\"1920\" controls src=\"http:\/\/terredaventures.fr\/WordPress3\/wp-content\/uploads\/2021\/07\/cine-feux-follets.mp4\"><\/video><\/figure>\n","protected":false},"excerpt":{"rendered":"<p>Ce petit film a \u00e9t\u00e9 r\u00e9alis\u00e9 dans le cadre de notre projet Photo-Blog-Radio. Tout au long du mois, un de nos objectifs \u00e9tait de r\u00e9aliser une vid\u00e9o reprenant une partie des activit\u00e9s de nos 6-7-8 ans \u00e0 partir des photos prises notamment le jour du d\u00e9fil\u00e9.<\/p>\n","protected":false},"author":1,"featured_media":0,"comment_status":"open","ping_status":"open","sticky":false,"template":"","format":"standard","meta":{"_acf_changed":false,"footnotes":""},"categories":[3,1,9],"tags":[],"class_list":["post-14524","post","type-post","status-publish","format-standard","hentry","category-actualites","category-feux-follets","category-les-mercredis"],"acf":[],"jetpack_featured_media_url":"","_links":{"self":[{"href":"http:\/\/terredaventures.fr\/index.php?rest_route=\/wp\/v2\/posts\/14524","targetHints":{"allow":["GET"]}}],"collection":[{"href":"http:\/\/terredaventures.fr\/index.php?rest_route=\/wp\/v2\/posts"}],"about":[{"href":"http:\/\/terredaventures.fr\/index.php?rest_route=\/wp\/v2\/types\/post"}],"author":[{"embeddable":true,"href":"http:\/\/terredaventures.fr\/index.php?rest_route=\/wp\/v2\/users\/1"}],"replies":[{"embeddable":true,"href":"http:\/\/terredaventures.fr\/index.php?rest_route=%2Fwp%2Fv2%2Fcomments&post=14524"}],"version-history":[{"count":1,"href":"http:\/\/terredaventures.fr\/index.php?rest_route=\/wp\/v2\/posts\/14524\/revisions"}],"predecessor-version":[{"id":14525,"href":"http:\/\/terredaventures.fr\/index.php?rest_route=\/wp\/v2\/posts\/14524\/revisions\/14525"}],"wp:attachment":[{"href":"http:\/\/terredaventures.fr\/index.php?rest_route=%2Fwp%2Fv2%2Fmedia&parent=14524"}],"wp:term":[{"taxonomy":"category","embeddable":true,"href":"http:\/\/terredaventures.fr\/index.php?rest_route=%2Fwp%2Fv2%2Fcategories&post=14524"},{"taxonomy":"post_tag","embeddable":true,"href":"http:\/\/terredaventures.fr\/index.php?rest_route=%2Fwp%2Fv2%2Ftags&post=14524"}],"curies":[{"name":"wp","href":"https:\/\/api.w.org\/{rel}","templated":true}]}}